{"id":1800,"date":"2025-07-29T12:49:32","date_gmt":"2025-07-29T15:49:32","guid":{"rendered":"https:\/\/acaidoforte.com\/?p=1800"},"modified":"2025-07-29T13:09:15","modified_gmt":"2025-07-29T16:09:15","slug":"arraial-do-cabo-agora-tem-2x-mais-acai-do-forte","status":"publish","type":"post","link":"https:\/\/acaidoforte.com\/pt\/arraial-do-cabo-agora-tem-2x-mais-acai-do-forte\/","title":{"rendered":"Arraial do Cabo agora tem 2x mais A\u00e7a\u00ed do Forte!"},"content":{"rendered":"<div data-elementor-type=\"wp-post\" data-elementor-id=\"1800\" class=\"elementor elementor-1800\" data-elementor-post-type=\"post\">\n\t\t\t\t\t\t<section class=\"elementor-section elementor-top-section elementor-element elementor-element-0a41694 elementor-section-boxed elementor-section-height-default elementor-section-height-default\" data-id=\"0a41694\" data-element_type=\"section\" data-settings=\"{&quot;jet_parallax_layout_list&quot;:[],&quot;background_background&quot;:&quot;classic&quot;}\">\n\t\t\t\t\t\t<div class=\"elementor-container elementor-column-gap-no\">\n\t\t\t\t\t<div class=\"elementor-column elementor-col-100 elementor-top-column elementor-element elementor-element-df1ccdb\" data-id=\"df1ccdb\" data-element_type=\"column\">\n\t\t\t<div class=\"elementor-widget-wrap elementor-element-populated\">\n\t\t\t\t\t\t<div class=\"elementor-element elementor-element-10e3b18 elementor-widget elementor-widget-image\" data-id=\"10e3b18\" data-element_type=\"widget\" data-widget_type=\"image.default\">\n\t\t\t\t<div class=\"elementor-widget-container\">\n\t\t\t\t\t\t\t\t\t\t\t\t\t\t\t<img fetchpriority=\"high\" decoding=\"async\" width=\"800\" height=\"600\" src=\"https:\/\/acaidoforte.com\/wp-content\/uploads\/2025\/07\/arraial.png\" class=\"attachment-full size-full wp-image-1809\" alt=\"\" srcset=\"https:\/\/acaidoforte.com\/wp-content\/uploads\/2025\/07\/arraial.png 800w, https:\/\/acaidoforte.com\/wp-content\/uploads\/2025\/07\/arraial-300x225.png 300w, https:\/\/acaidoforte.com\/wp-content\/uploads\/2025\/07\/arraial-768x576.png 768w, https:\/\/acaidoforte.com\/wp-content\/uploads\/2025\/07\/arraial-16x12.png 16w\" sizes=\"(max-width: 800px) 100vw, 800px\" style=\"width:100%;height:75%;max-width:800px\" \/>\t\t\t\t\t\t\t\t\t\t\t\t\t\t\t<\/div>\n\t\t\t\t<\/div>\n\t\t\t\t\t<\/div>\n\t\t<\/div>\n\t\t\t\t\t<\/div>\n\t\t<\/section>\n\t\t\t\t<section class=\"elementor-section elementor-top-section elementor-element elementor-element-9acfa5d elementor-section-boxed elementor-section-height-default elementor-section-height-default\" data-id=\"9acfa5d\" data-element_type=\"section\" data-settings=\"{&quot;background_background&quot;:&quot;classic&quot;,&quot;jet_parallax_layout_list&quot;:[]}\">\n\t\t\t\t\t\t<div class=\"elementor-container elementor-column-gap-default\">\n\t\t\t\t\t<div class=\"elementor-column elementor-col-100 elementor-top-column elementor-element elementor-element-62fbe6b\" data-id=\"62fbe6b\" data-element_type=\"column\">\n\t\t\t<div class=\"elementor-widget-wrap elementor-element-populated\">\n\t\t\t\t\t\t<div class=\"elementor-element elementor-element-0e487fe elementor-widget elementor-widget-heading\" data-id=\"0e487fe\" data-element_type=\"widget\" data-widget_type=\"heading.default\">\n\t\t\t\t<div class=\"elementor-widget-container\">\n\t\t\t\t\t<h2 class=\"elementor-heading-title elementor-size-default\">Arraial do Cabo agora tem 2x mais A\u00e7a\u00ed do Forte!<\/h2>\t\t\t\t<\/div>\n\t\t\t\t<\/div>\n\t\t\t\t\t<\/div>\n\t\t<\/div>\n\t\t\t\t\t<\/div>\n\t\t<\/section>\n\t\t\t\t<section class=\"elementor-section elementor-top-section elementor-element elementor-element-63b457e elementor-section-boxed elementor-section-height-default elementor-section-height-default\" data-id=\"63b457e\" data-element_type=\"section\" data-settings=\"{&quot;jet_parallax_layout_list&quot;:[]}\">\n\t\t\t\t\t\t<div class=\"elementor-container elementor-column-gap-default\">\n\t\t\t\t\t<div class=\"elementor-column elementor-col-100 elementor-top-column elementor-element elementor-element-86fe22c\" data-id=\"86fe22c\" data-element_type=\"column\">\n\t\t\t<div class=\"elementor-widget-wrap elementor-element-populated\">\n\t\t\t\t\t\t<div class=\"elementor-element elementor-element-6038030 elementor-widget elementor-widget-text-editor\" data-id=\"6038030\" data-element_type=\"widget\" data-widget_type=\"text-editor.default\">\n\t\t\t\t<div class=\"elementor-widget-container\">\n\t\t\t\t\t\t\t\t\tNot\u00edcia boa merece ser compartilhada: inauguramos a segunda unidade do A\u00e7a\u00ed do Forte em Arraial do Cabo! \ud83c\udf0a\u2728\n\t\t\t\t\t\t\t\t<\/div>\n\t\t\t\t<\/div>\n\t\t\t\t<div class=\"elementor-element elementor-element-8884a8d elementor-widget elementor-widget-text-editor\" data-id=\"8884a8d\" data-element_type=\"widget\" data-widget_type=\"text-editor.default\">\n\t\t\t\t<div class=\"elementor-widget-container\">\n\t\t\t\t\t\t\t\t\tIsso mesmo, a cidade que j\u00e1 ama o nosso a\u00e7a\u00ed agora conta com mais um espa\u00e7o para curtir nossas deliciosas combina\u00e7\u00f5es de a\u00e7a\u00ed e creme de cupua\u00e7u, seja antes ou depois da praia. A nova franquia veio para atender os moradores e turistas que procuram qualidade, sabor e aquele atendimento que \u00e9 a nossa marca registrada.\n\t\t\t\t\t\t\t\t<\/div>\n\t\t\t\t<\/div>\n\t\t\t\t<div class=\"elementor-element elementor-element-93575ef elementor-widget elementor-widget-text-editor\" data-id=\"93575ef\" data-element_type=\"widget\" data-widget_type=\"text-editor.default\">\n\t\t\t\t<div class=\"elementor-widget-container\">\n\t\t\t\t\t\t\t\t\tArraial do Cabo, obrigado por tanto carinho! Agora s\u00e3o duas lojas pra voc\u00ea aproveitar o melhor do a\u00e7a\u00ed o ano todo. \ud83d\udc9c\n\t\t\t\t\t\t\t\t<\/div>\n\t\t\t\t<\/div>\n\t\t\t\t<div class=\"elementor-element elementor-element-51d0129 elementor-widget elementor-widget-text-editor\" data-id=\"51d0129\" data-element_type=\"widget\" data-widget_type=\"text-editor.default\">\n\t\t\t\t<div class=\"elementor-widget-container\">\n\t\t\t\t\t\t\t\t\t\ud83d\udccd Pra\u00e7a da Independ\u00eancia, n6 &#8211; Centro &#8211; Arraial do Cabo\n\t\t\t\t\t\t\t\t<\/div>\n\t\t\t\t<\/div>\n\t\t\t\t<div class=\"elementor-element elementor-element-90bcccd elementor-align-center elementor-widget elementor-widget-button\" data-id=\"90bcccd\" data-element_type=\"widget\" data-widget_type=\"button.default\">\n\t\t\t\t<div class=\"elementor-widget-container\">\n\t\t\t\t\t\t\t\t\t<div class=\"elementor-button-wrapper\">\n\t\t\t\t\t<a class=\"elementor-button elementor-button-link elementor-size-lg\" href=\"https:\/\/www.instagram.com\/reel\/DG6h8FhPR-d\/\" target=\"_blank\">\n\t\t\t\t\t\t<span class=\"elementor-button-content-wrapper\">\n\t\t\t\t\t\t<span class=\"elementor-button-icon\">\n\t\t\t\t<i aria-hidden=\"true\" class=\"fas fa-play\"><\/i>\t\t\t<\/span>\n\t\t\t\t\t\t\t\t\t<span class=\"elementor-button-text\">D\u00ea o play e confira!<\/span>\n\t\t\t\t\t<\/span>\n\t\t\t\t\t<\/a>\n\t\t\t\t<\/div>\n\t\t\t\t\t\t\t\t<\/div>\n\t\t\t\t<\/div>\n\t\t\t\t\t<\/div>\n\t\t<\/div>\n\t\t\t\t\t<\/div>\n\t\t<\/section>\n\t\t\t\t<\/div>","protected":false},"excerpt":{"rendered":"<p>Not\u00edcia boa merece ser compartilhada: inauguramos a segunda unidade do A\u00e7a\u00ed do Forte em Arraial do Cabo! \ud83c\udf0a\u2728 Isso mesmo, a cidade que j\u00e1 ama o nosso a\u00e7a\u00ed agora conta com mais um espa\u00e7o para curtir nossas deliciosas combina\u00e7\u00f5es de a\u00e7a\u00ed e creme de cupua\u00e7u, seja antes ou depois da praia. A nova franquia veio&hellip; <a class=\"more-link\" href=\"https:\/\/acaidoforte.com\/pt\/arraial-do-cabo-agora-tem-2x-mais-acai-do-forte\/\">Continue a ler <span class=\"screen-reader-text\">Arraial do Cabo agora tem 2x mais A\u00e7a\u00ed do Forte!<\/span><\/a><\/p>","protected":false},"author":1,"featured_media":1809,"comment_status":"closed","ping_status":"open","sticky":false,"template":"elementor_header_footer","format":"standard","meta":{"cybocfi_hide_featured_image":"","footnotes":""},"categories":[1],"tags":[],"class_list":["post-1800","post","type-post","status-publish","format-standard","has-post-thumbnail","hentry","category-sem-categoria","entry"],"_links":{"self":[{"href":"https:\/\/acaidoforte.com\/pt\/wp-json\/wp\/v2\/posts\/1800","targetHints":{"allow":["GET"]}}],"collection":[{"href":"https:\/\/acaidoforte.com\/pt\/wp-json\/wp\/v2\/posts"}],"about":[{"href":"https:\/\/acaidoforte.com\/pt\/wp-json\/wp\/v2\/types\/post"}],"author":[{"embeddable":true,"href":"https:\/\/acaidoforte.com\/pt\/wp-json\/wp\/v2\/users\/1"}],"replies":[{"embeddable":true,"href":"https:\/\/acaidoforte.com\/pt\/wp-json\/wp\/v2\/comments?post=1800"}],"version-history":[{"count":9,"href":"https:\/\/acaidoforte.com\/pt\/wp-json\/wp\/v2\/posts\/1800\/revisions"}],"predecessor-version":[{"id":1836,"href":"https:\/\/acaidoforte.com\/pt\/wp-json\/wp\/v2\/posts\/1800\/revisions\/1836"}],"wp:featuredmedia":[{"embeddable":true,"href":"https:\/\/acaidoforte.com\/pt\/wp-json\/wp\/v2\/media\/1809"}],"wp:attachment":[{"href":"https:\/\/acaidoforte.com\/pt\/wp-json\/wp\/v2\/media?parent=1800"}],"wp:term":[{"taxonomy":"category","embeddable":true,"href":"https:\/\/acaidoforte.com\/pt\/wp-json\/wp\/v2\/categories?post=1800"},{"taxonomy":"post_tag","embeddable":true,"href":"https:\/\/acaidoforte.com\/pt\/wp-json\/wp\/v2\/tags?post=1800"}],"curies":[{"name":"wp","href":"https:\/\/api.w.org\/{rel}","templated":true}]}}