{"id":1880,"date":"2025-12-30T23:35:36","date_gmt":"2025-12-31T02:35:36","guid":{"rendered":"https:\/\/acaidoforte.com\/?p=1880"},"modified":"2026-01-05T14:55:19","modified_gmt":"2026-01-05T17:55:19","slug":"acai-do-forte-chega-com-mais-uma-unidade-em-buzios","status":"publish","type":"post","link":"https:\/\/acaidoforte.com\/pt\/acai-do-forte-chega-com-mais-uma-unidade-em-buzios\/","title":{"rendered":"A\u00e7a\u00ed do Forte chega com mais uma unidade em B\u00fazios!"},"content":{"rendered":"<div data-elementor-type=\"wp-post\" data-elementor-id=\"1880\" class=\"elementor elementor-1880\" data-elementor-post-type=\"post\">\n\t\t\t\t<div class=\"elementor-element elementor-element-38f473c e-flex e-con-boxed e-con e-parent\" data-id=\"38f473c\" data-element_type=\"container\" data-settings=\"{&quot;background_background&quot;:&quot;classic&quot;,&quot;jet_parallax_layout_list&quot;:[]}\">\n\t\t\t\t\t<div class=\"e-con-inner\">\n\t\t<div class=\"elementor-element elementor-element-49c9797 e-con-full e-flex e-con e-child\" data-id=\"49c9797\" data-element_type=\"container\" data-settings=\"{&quot;jet_parallax_layout_list&quot;:[]}\">\n\t\t\t\t<div class=\"elementor-element elementor-element-9b8295a elementor-widget elementor-widget-html\" data-id=\"9b8295a\" data-element_type=\"widget\" data-widget_type=\"html.default\">\n\t\t\t\t<div class=\"elementor-widget-container\">\n\t\t\t\t\t<style>\r\n\/* For\u00e7a a imagem a ficar menorzinha *\/\r\n.elementor-widget-image img {\r\n    max-width: 350px !important; \/* Mudei de 600 para 350 *\/\r\n    width: 100% !important;\r\n    margin: 0 auto !important;\r\n    display: block !important;\r\n}\r\n<\/style>\t\t\t\t<\/div>\n\t\t\t\t<\/div>\n\t\t\t\t<div class=\"elementor-element elementor-element-395b1ab elementor-widget elementor-widget-theme-post-featured-image elementor-widget-image\" data-id=\"395b1ab\" data-element_type=\"widget\" data-widget_type=\"theme-post-featured-image.default\">\n\t\t\t\t<div class=\"elementor-widget-container\">\n\t\t\t\t\t\t\t\t\t\t\t\t\t\t\t<img fetchpriority=\"high\" decoding=\"async\" width=\"1707\" height=\"2560\" src=\"https:\/\/acaidoforte.com\/wp-content\/uploads\/2025\/12\/Buzios-scaled.jpg\" class=\"attachment-full size-full wp-image-1882\" alt=\"\" srcset=\"https:\/\/acaidoforte.com\/wp-content\/uploads\/2025\/12\/Buzios-scaled.jpg 1707w, https:\/\/acaidoforte.com\/wp-content\/uploads\/2025\/12\/Buzios-200x300.jpg 200w, https:\/\/acaidoforte.com\/wp-content\/uploads\/2025\/12\/Buzios-683x1024.jpg 683w, https:\/\/acaidoforte.com\/wp-content\/uploads\/2025\/12\/Buzios-768x1152.jpg 768w, https:\/\/acaidoforte.com\/wp-content\/uploads\/2025\/12\/Buzios-1024x1536.jpg 1024w, https:\/\/acaidoforte.com\/wp-content\/uploads\/2025\/12\/Buzios-1365x2048.jpg 1365w, https:\/\/acaidoforte.com\/wp-content\/uploads\/2025\/12\/Buzios-8x12.jpg 8w, https:\/\/acaidoforte.com\/wp-content\/uploads\/2025\/12\/Buzios-1568x2352.jpg 1568w\" sizes=\"(max-width: 1707px) 100vw, 1707px\" style=\"width:100%;height:149.97%;max-width:1707px\" \/>\t\t\t\t\t\t\t\t\t\t\t\t\t\t\t<\/div>\n\t\t\t\t<\/div>\n\t\t\t\t<\/div>\n\t\t\t\t\t<\/div>\n\t\t\t\t<\/div>\n\t\t<div class=\"elementor-element elementor-element-7f9217f e-flex e-con-boxed e-con e-parent\" data-id=\"7f9217f\" data-element_type=\"container\" data-settings=\"{&quot;background_background&quot;:&quot;classic&quot;,&quot;jet_parallax_layout_list&quot;:[]}\">\n\t\t\t\t\t<div class=\"e-con-inner\">\n\t\t<div class=\"elementor-element elementor-element-d467666 e-con-full e-flex e-con e-child\" data-id=\"d467666\" data-element_type=\"container\" data-settings=\"{&quot;jet_parallax_layout_list&quot;:[]}\">\n\t\t\t\t<div class=\"elementor-element elementor-element-c0d50ba elementor-widget elementor-widget-theme-post-title elementor-page-title elementor-widget-heading\" data-id=\"c0d50ba\" data-element_type=\"widget\" data-widget_type=\"theme-post-title.default\">\n\t\t\t\t<div class=\"elementor-widget-container\">\n\t\t\t\t\t<h1 class=\"elementor-heading-title elementor-size-default\">A\u00e7a\u00ed do Forte chega com mais uma unidade em B\u00fazios!<\/h1>\t\t\t\t<\/div>\n\t\t\t\t<\/div>\n\t\t\t\t<\/div>\n\t\t\t\t\t<\/div>\n\t\t\t\t<\/div>\n\t\t<div class=\"elementor-element elementor-element-6eba0a86 e-flex e-con-boxed e-con e-parent\" data-id=\"6eba0a86\" data-element_type=\"container\" data-settings=\"{&quot;background_background&quot;:&quot;classic&quot;,&quot;jet_parallax_layout_list&quot;:[]}\">\n\t\t\t\t\t<div class=\"e-con-inner\">\n\t\t<div class=\"elementor-element elementor-element-1ee4bb8 e-con-full e-flex e-con e-child\" data-id=\"1ee4bb8\" data-element_type=\"container\" data-settings=\"{&quot;jet_parallax_layout_list&quot;:[]}\">\n\t\t\t\t<div class=\"elementor-element elementor-element-7f69b6a elementor-widget elementor-widget-text-editor\" data-id=\"7f69b6a\" data-element_type=\"widget\" data-widget_type=\"text-editor.default\">\n\t\t\t\t<div class=\"elementor-widget-container\">\n\t\t\t\t\t\t\t\t\t\n<p>O A\u00e7a\u00ed do Forte segue fortalecendo sua hist\u00f3ria e ampliando sua presen\u00e7a em B\u00fazios. No dia 4 de dezembro de 2025, a marca inaugurou mais uma unidade, reafirmando seu compromisso em levar qualidade, sabor e uma experi\u00eancia completa para quem escolhe o verdadeiro a\u00e7a\u00ed.<\/p>\n\t\t\t\t\t\t\t\t<\/div>\n\t\t\t\t<\/div>\n\t\t\t\t<div class=\"elementor-element elementor-element-4953024a elementor-widget elementor-widget-text-editor\" data-id=\"4953024a\" data-element_type=\"widget\" data-widget_type=\"text-editor.default\">\n\t\t\t\t<div class=\"elementor-widget-container\">\n\t\t\t\t\t\t\t\t\t\n<p>Reconhecido pela aten\u00e7\u00e3o aos detalhes, pelo cuidado no preparo e pela variedade de combina\u00e7\u00f5es, o A\u00e7a\u00ed do Forte conquistou o p\u00fablico ao longo de sua trajet\u00f3ria, cada nova inaugura\u00e7\u00e3o representa n\u00e3o apenas a abertura de um novo ponto, mas tamb\u00e9m a consolida\u00e7\u00e3o de um padr\u00e3o que une produtos bem selecionados, e uma experi\u00eancia pensada para o dia a dia dos clientes.<\/p>\n\t\t\t\t\t\t\t\t<\/div>\n\t\t\t\t<\/div>\n\t\t\t\t<div class=\"elementor-element elementor-element-c8002b3 elementor-widget elementor-widget-text-editor\" data-id=\"c8002b3\" data-element_type=\"widget\" data-widget_type=\"text-editor.default\">\n\t\t\t\t<div class=\"elementor-widget-container\">\n\t\t\t\t\t\t\t\t\t\n<p>Na nova unidade, o p\u00fablico encontra os sabores que j\u00e1 fazem parte da identidade da marca, tudo preparado para oferecer momentos de sabor, energia e praticidade.<\/p>\n\t\t\t\t\t\t\t\t<\/div>\n\t\t\t\t<\/div>\n\t\t\t\t<div class=\"elementor-element elementor-element-dbdd4f4 elementor-widget elementor-widget-text-editor\" data-id=\"dbdd4f4\" data-element_type=\"widget\" data-widget_type=\"text-editor.default\">\n\t\t\t\t<div class=\"elementor-widget-container\">\n\t\t\t\t\t\t\t\t\t\n<p>Com mais essa inaugura\u00e7\u00e3o em B\u00fazios, o A\u00e7a\u00ed do Forte refor\u00e7a sua conex\u00e3o com a cidade e segue expandindo sua atua\u00e7\u00e3o de forma consistente, sempre mantendo os valores que fazem da marca uma refer\u00eancia para quem busca qualidade e confian\u00e7a na hora de escolher seu a\u00e7a\u00ed.<\/p>\n\t\t\t\t\t\t\t\t<\/div>\n\t\t\t\t<\/div>\n\t\t\t\t<div class=\"elementor-element elementor-element-e705af3 elementor-widget elementor-widget-text-editor\" data-id=\"e705af3\" data-element_type=\"widget\" data-widget_type=\"text-editor.default\">\n\t\t\t\t<div class=\"elementor-widget-container\">\n\t\t\t\t\t\t\t\t\t\n<p>\ud83d\udccdAvenida Jos\u00e9 Bento Ribeiro Dantas, 2835 &#8211; Manguinhos, Arma\u00e7\u00e3o dos B\u00fazios<\/p>\n\t\t\t\t\t\t\t\t<\/div>\n\t\t\t\t<\/div>\n\t\t\t\t<div class=\"elementor-element elementor-element-64b9699 elementor-align-center elementor-widget elementor-widget-button\" data-id=\"64b9699\" data-element_type=\"widget\" data-widget_type=\"button.default\">\n\t\t\t\t<div class=\"elementor-widget-container\">\n\t\t\t\t\t\t\t\t\t<div class=\"elementor-button-wrapper\">\n\t\t\t\t\t<a class=\"elementor-button elementor-button-link elementor-size-lg\" href=\"https:\/\/www.instagram.com\/p\/DR51eR9kalf\/?hl=pt-br\" target=\"_blank\">\n\t\t\t\t\t\t<span class=\"elementor-button-content-wrapper\">\n\t\t\t\t\t\t<span class=\"elementor-button-icon\">\n\t\t\t\t<i aria-hidden=\"true\" class=\"fas fa-play\"><\/i>\t\t\t<\/span>\n\t\t\t\t\t\t\t\t\t<span class=\"elementor-button-text\">D\u00ea o play e confira!<\/span>\n\t\t\t\t\t<\/span>\n\t\t\t\t\t<\/a>\n\t\t\t\t<\/div>\n\t\t\t\t\t\t\t\t<\/div>\n\t\t\t\t<\/div>\n\t\t\t\t<\/div>\n\t\t\t\t\t<\/div>\n\t\t\t\t<\/div>\n\t\t\t\t<\/div>","protected":false},"excerpt":{"rendered":"<p>O A\u00e7a\u00ed do Forte segue fortalecendo sua hist\u00f3ria e ampliando sua presen\u00e7a em B\u00fazios. No dia 4 de dezembro de 2025, a marca inaugurou mais uma unidade, reafirmando seu compromisso em levar qualidade, sabor e uma experi\u00eancia completa para quem escolhe o verdadeiro a\u00e7a\u00ed. Reconhecido pela aten\u00e7\u00e3o aos detalhes, pelo cuidado no preparo e pela&hellip; <a class=\"more-link\" href=\"https:\/\/acaidoforte.com\/pt\/acai-do-forte-chega-com-mais-uma-unidade-em-buzios\/\">Continue a ler <span class=\"screen-reader-text\">A\u00e7a\u00ed do Forte chega com mais uma unidade em B\u00fazios!<\/span><\/a><\/p>","protected":false},"author":1,"featured_media":1882,"comment_status":"open","ping_status":"open","sticky":false,"template":"elementor_header_footer","format":"standard","meta":{"cybocfi_hide_featured_image":"","footnotes":""},"categories":[1],"tags":[],"class_list":["post-1880","post","type-post","status-publish","format-standard","has-post-thumbnail","hentry","category-sem-categoria","entry"],"_links":{"self":[{"href":"https:\/\/acaidoforte.com\/pt\/wp-json\/wp\/v2\/posts\/1880","targetHints":{"allow":["GET"]}}],"collection":[{"href":"https:\/\/acaidoforte.com\/pt\/wp-json\/wp\/v2\/posts"}],"about":[{"href":"https:\/\/acaidoforte.com\/pt\/wp-json\/wp\/v2\/types\/post"}],"author":[{"embeddable":true,"href":"https:\/\/acaidoforte.com\/pt\/wp-json\/wp\/v2\/users\/1"}],"replies":[{"embeddable":true,"href":"https:\/\/acaidoforte.com\/pt\/wp-json\/wp\/v2\/comments?post=1880"}],"version-history":[{"count":40,"href":"https:\/\/acaidoforte.com\/pt\/wp-json\/wp\/v2\/posts\/1880\/revisions"}],"predecessor-version":[{"id":2059,"href":"https:\/\/acaidoforte.com\/pt\/wp-json\/wp\/v2\/posts\/1880\/revisions\/2059"}],"wp:featuredmedia":[{"embeddable":true,"href":"https:\/\/acaidoforte.com\/pt\/wp-json\/wp\/v2\/media\/1882"}],"wp:attachment":[{"href":"https:\/\/acaidoforte.com\/pt\/wp-json\/wp\/v2\/media?parent=1880"}],"wp:term":[{"taxonomy":"category","embeddable":true,"href":"https:\/\/acaidoforte.com\/pt\/wp-json\/wp\/v2\/categories?post=1880"},{"taxonomy":"post_tag","embeddable":true,"href":"https:\/\/acaidoforte.com\/pt\/wp-json\/wp\/v2\/tags?post=1880"}],"curies":[{"name":"wp","href":"https:\/\/api.w.org\/{rel}","templated":true}]}}