{"id":1955,"date":"2025-12-31T02:04:06","date_gmt":"2025-12-31T05:04:06","guid":{"rendered":"https:\/\/acaidoforte.com\/?p=1955"},"modified":"2025-12-31T02:56:11","modified_gmt":"2025-12-31T05:56:11","slug":"o-acai-do-forte-agora-tambem-esta-em-lisboa","status":"publish","type":"post","link":"https:\/\/acaidoforte.com\/pt\/o-acai-do-forte-agora-tambem-esta-em-lisboa\/","title":{"rendered":"O A\u00e7a\u00ed do Forte agora tamb\u00e9m est\u00e1 em Lisboa!"},"content":{"rendered":"<div data-elementor-type=\"wp-post\" data-elementor-id=\"1955\" class=\"elementor elementor-1955\" data-elementor-post-type=\"post\">\n\t\t\t\t<div class=\"elementor-element elementor-element-85e71b7 e-flex e-con-boxed e-con e-parent\" data-id=\"85e71b7\" data-element_type=\"container\" data-settings=\"{&quot;background_background&quot;:&quot;classic&quot;,&quot;jet_parallax_layout_list&quot;:[]}\">\n\t\t\t\t\t<div class=\"e-con-inner\">\n\t\t\t\t<div class=\"elementor-element elementor-element-0deb832 elementor-widget elementor-widget-html\" data-id=\"0deb832\" data-element_type=\"widget\" data-widget_type=\"html.default\">\n\t\t\t\t<div class=\"elementor-widget-container\">\n\t\t\t\t\t<style>\r\n\/* For\u00e7a a imagem a ficar menorzinha *\/\r\n.elementor-widget-image img {\r\n    max-width: 350px !important; \/* Mudei de 600 para 350 *\/\r\n    width: 100% !important;\r\n    margin: 0 auto !important;\r\n    display: block !important;\r\n}\r\n<\/style>\t\t\t\t<\/div>\n\t\t\t\t<\/div>\n\t\t<div class=\"elementor-element elementor-element-eec43f0 e-con-full e-flex e-con e-child\" data-id=\"eec43f0\" data-element_type=\"container\" data-settings=\"{&quot;jet_parallax_layout_list&quot;:[]}\">\n\t\t\t\t<div class=\"elementor-element elementor-element-34bf97d elementor-widget elementor-widget-image\" data-id=\"34bf97d\" data-element_type=\"widget\" data-widget_type=\"image.default\">\n\t\t\t\t<div class=\"elementor-widget-container\">\n\t\t\t\t\t\t\t\t\t\t\t\t\t\t\t<img fetchpriority=\"high\" decoding=\"async\" width=\"1798\" height=\"2560\" src=\"https:\/\/acaidoforte.com\/wp-content\/uploads\/2025\/12\/Lisboa-scaled.jpeg\" class=\"attachment-full size-full wp-image-1937\" alt=\"\" srcset=\"https:\/\/acaidoforte.com\/wp-content\/uploads\/2025\/12\/Lisboa-scaled.jpeg 1798w, https:\/\/acaidoforte.com\/wp-content\/uploads\/2025\/12\/Lisboa-211x300.jpeg 211w, https:\/\/acaidoforte.com\/wp-content\/uploads\/2025\/12\/Lisboa-719x1024.jpeg 719w, https:\/\/acaidoforte.com\/wp-content\/uploads\/2025\/12\/Lisboa-768x1094.jpeg 768w, https:\/\/acaidoforte.com\/wp-content\/uploads\/2025\/12\/Lisboa-1079x1536.jpeg 1079w, https:\/\/acaidoforte.com\/wp-content\/uploads\/2025\/12\/Lisboa-1438x2048.jpeg 1438w, https:\/\/acaidoforte.com\/wp-content\/uploads\/2025\/12\/Lisboa-8x12.jpeg 8w, https:\/\/acaidoforte.com\/wp-content\/uploads\/2025\/12\/Lisboa-1568x2233.jpeg 1568w\" sizes=\"(max-width: 1798px) 100vw, 1798px\" style=\"width:100%;height:142.38%;max-width:1798px\" \/>\t\t\t\t\t\t\t\t\t\t\t\t\t\t\t<\/div>\n\t\t\t\t<\/div>\n\t\t\t\t<\/div>\n\t\t\t\t\t<\/div>\n\t\t\t\t<\/div>\n\t\t<div class=\"elementor-element elementor-element-b163a4c e-flex e-con-boxed e-con e-parent\" data-id=\"b163a4c\" data-element_type=\"container\" data-settings=\"{&quot;background_background&quot;:&quot;classic&quot;,&quot;jet_parallax_layout_list&quot;:[]}\">\n\t\t\t\t\t<div class=\"e-con-inner\">\n\t\t<div class=\"elementor-element elementor-element-d2a32a2 e-con-full e-flex e-con e-child\" data-id=\"d2a32a2\" data-element_type=\"container\" data-settings=\"{&quot;jet_parallax_layout_list&quot;:[]}\">\n\t\t\t\t<div class=\"elementor-element elementor-element-0a8a4e0 elementor-widget elementor-widget-theme-post-title elementor-page-title elementor-widget-heading\" data-id=\"0a8a4e0\" data-element_type=\"widget\" data-widget_type=\"theme-post-title.default\">\n\t\t\t\t<div class=\"elementor-widget-container\">\n\t\t\t\t\t<h1 class=\"elementor-heading-title elementor-size-default\">O A\u00e7a\u00ed do Forte agora tamb\u00e9m est\u00e1 em Lisboa!<\/h1>\t\t\t\t<\/div>\n\t\t\t\t<\/div>\n\t\t\t\t<\/div>\n\t\t\t\t\t<\/div>\n\t\t\t\t<\/div>\n\t\t<div class=\"elementor-element elementor-element-1a88a8ab e-flex e-con-boxed e-con e-parent\" data-id=\"1a88a8ab\" data-element_type=\"container\" data-settings=\"{&quot;background_background&quot;:&quot;classic&quot;,&quot;jet_parallax_layout_list&quot;:[]}\">\n\t\t\t\t\t<div class=\"e-con-inner\">\n\t\t<div class=\"elementor-element elementor-element-c674390 e-con-full e-flex e-con e-child\" data-id=\"c674390\" data-element_type=\"container\" data-settings=\"{&quot;jet_parallax_layout_list&quot;:[]}\">\n\t\t\t\t<div class=\"elementor-element elementor-element-104dde9b elementor-widget elementor-widget-text-editor\" data-id=\"104dde9b\" data-element_type=\"widget\" data-widget_type=\"text-editor.default\">\n\t\t\t\t<div class=\"elementor-widget-container\">\n\t\t\t\t\t\t\t\t\t\n<p>O A\u00e7a\u00ed do Forte cruzou fronteiras e chegou a Lisboa! No dia 15 de agosto de 2025, a marca inaugurou sua primeira unidade na capital portuguesa, marcando tamb\u00e9m a segunda unidade em Portugal. Um passo importante que refor\u00e7a o crescimento da marca e leva o sabor do verdadeiro a\u00e7a\u00ed brasileiro para ainda mais pessoas.<\/p>\n\t\t\t\t\t\t\t\t<\/div>\n\t\t\t\t<\/div>\n\t\t\t\t<div class=\"elementor-element elementor-element-d30d2e7 elementor-widget elementor-widget-text-editor\" data-id=\"d30d2e7\" data-element_type=\"widget\" data-widget_type=\"text-editor.default\">\n\t\t\t\t<div class=\"elementor-widget-container\">\n\t\t\t\t\t\t\t\t\t\n<p>Conhecido por unir qualidade, sabor e combina\u00e7\u00f5es que fazem sucesso, o A\u00e7a\u00ed do Forte chega a Lisboa mantendo tudo aquilo que conquistou o p\u00fablico no Brasil, levando uma experi\u00eancia aut\u00eantica e cheia de energia para o p\u00fablico portugu\u00eas.<\/p>\n\t\t\t\t\t\t\t\t<\/div>\n\t\t\t\t<\/div>\n\t\t\t\t<div class=\"elementor-element elementor-element-640db40 elementor-widget elementor-widget-text-editor\" data-id=\"640db40\" data-element_type=\"widget\" data-widget_type=\"text-editor.default\">\n\t\t\t\t<div class=\"elementor-widget-container\">\n\t\t\t\t\t\t\t\t\t\n<p>Essa inaugura\u00e7\u00e3o representa mais do que um novo endere\u00e7o: \u00e9 a expans\u00e3o de uma marca que nasceu com um prop\u00f3sito, sempre com cuidado em cada detalhe. Agora, quem est\u00e1 em Lisboa tamb\u00e9m pode viver essa experi\u00eancia e descobrir por que o A\u00e7a\u00ed do Forte se destaca por onde passa.<\/p>\n\t\t\t\t\t\t\t\t<\/div>\n\t\t\t\t<\/div>\n\t\t\t\t<div class=\"elementor-element elementor-element-0f84819 elementor-widget elementor-widget-text-editor\" data-id=\"0f84819\" data-element_type=\"widget\" data-widget_type=\"text-editor.default\">\n\t\t\t\t<div class=\"elementor-widget-container\">\n\t\t\t\t\t\t\t\t\t\n<p>O melhor a\u00e7a\u00ed do Brasil agora tamb\u00e9m est\u00e1 em Portugal!<\/p>\n\t\t\t\t\t\t\t\t<\/div>\n\t\t\t\t<\/div>\n\t\t\t\t<div class=\"elementor-element elementor-element-eaa871c elementor-widget elementor-widget-text-editor\" data-id=\"eaa871c\" data-element_type=\"widget\" data-widget_type=\"text-editor.default\">\n\t\t\t\t<div class=\"elementor-widget-container\">\n\t\t\t\t\t\t\t\t\t\n<p>\ud83d\udccdMouras Shopping Center, Rua Silva Tavares 7, Loja N\u00b078, 1750-287, Quinta das Conchas, Lisboa.<\/p>\n\t\t\t\t\t\t\t\t<\/div>\n\t\t\t\t<\/div>\n\t\t\t\t<div class=\"elementor-element elementor-element-79eb975 elementor-align-center elementor-widget elementor-widget-button\" data-id=\"79eb975\" data-element_type=\"widget\" data-widget_type=\"button.default\">\n\t\t\t\t<div class=\"elementor-widget-container\">\n\t\t\t\t\t\t\t\t\t<div class=\"elementor-button-wrapper\">\n\t\t\t\t\t<a class=\"elementor-button elementor-button-link elementor-size-lg\" href=\"https:\/\/www.instagram.com\/p\/DNlQzohtZ5M\/?hl=pt-br\" target=\"_blank\">\n\t\t\t\t\t\t<span class=\"elementor-button-content-wrapper\">\n\t\t\t\t\t\t<span class=\"elementor-button-icon\">\n\t\t\t\t<i aria-hidden=\"true\" class=\"fas fa-play\"><\/i>\t\t\t<\/span>\n\t\t\t\t\t\t\t\t\t<span class=\"elementor-button-text\">D\u00ea o play e confira!<\/span>\n\t\t\t\t\t<\/span>\n\t\t\t\t\t<\/a>\n\t\t\t\t<\/div>\n\t\t\t\t\t\t\t\t<\/div>\n\t\t\t\t<\/div>\n\t\t\t\t<\/div>\n\t\t\t\t\t<\/div>\n\t\t\t\t<\/div>\n\t\t\t\t<\/div>","protected":false},"excerpt":{"rendered":"<p>O A\u00e7a\u00ed do Forte cruzou fronteiras e chegou a Lisboa! No dia 15 de agosto de 2025, a marca inaugurou sua primeira unidade na capital portuguesa, marcando tamb\u00e9m a segunda unidade em Portugal. Um passo importante que refor\u00e7a o crescimento da marca e leva o sabor do verdadeiro a\u00e7a\u00ed brasileiro para ainda mais pessoas. Conhecido&hellip; <a class=\"more-link\" href=\"https:\/\/acaidoforte.com\/pt\/o-acai-do-forte-agora-tambem-esta-em-lisboa\/\">Continue a ler <span class=\"screen-reader-text\">O A\u00e7a\u00ed do Forte agora tamb\u00e9m est\u00e1 em Lisboa!<\/span><\/a><\/p>","protected":false},"author":1,"featured_media":1937,"comment_status":"open","ping_status":"open","sticky":false,"template":"elementor_header_footer","format":"standard","meta":{"cybocfi_hide_featured_image":"","footnotes":""},"categories":[1],"tags":[],"class_list":["post-1955","post","type-post","status-publish","format-standard","has-post-thumbnail","hentry","category-sem-categoria","entry"],"_links":{"self":[{"href":"https:\/\/acaidoforte.com\/pt\/wp-json\/wp\/v2\/posts\/1955","targetHints":{"allow":["GET"]}}],"collection":[{"href":"https:\/\/acaidoforte.com\/pt\/wp-json\/wp\/v2\/posts"}],"about":[{"href":"https:\/\/acaidoforte.com\/pt\/wp-json\/wp\/v2\/types\/post"}],"author":[{"embeddable":true,"href":"https:\/\/acaidoforte.com\/pt\/wp-json\/wp\/v2\/users\/1"}],"replies":[{"embeddable":true,"href":"https:\/\/acaidoforte.com\/pt\/wp-json\/wp\/v2\/comments?post=1955"}],"version-history":[{"count":29,"href":"https:\/\/acaidoforte.com\/pt\/wp-json\/wp\/v2\/posts\/1955\/revisions"}],"predecessor-version":[{"id":2016,"href":"https:\/\/acaidoforte.com\/pt\/wp-json\/wp\/v2\/posts\/1955\/revisions\/2016"}],"wp:featuredmedia":[{"embeddable":true,"href":"https:\/\/acaidoforte.com\/pt\/wp-json\/wp\/v2\/media\/1937"}],"wp:attachment":[{"href":"https:\/\/acaidoforte.com\/pt\/wp-json\/wp\/v2\/media?parent=1955"}],"wp:term":[{"taxonomy":"category","embeddable":true,"href":"https:\/\/acaidoforte.com\/pt\/wp-json\/wp\/v2\/categories?post=1955"},{"taxonomy":"post_tag","embeddable":true,"href":"https:\/\/acaidoforte.com\/pt\/wp-json\/wp\/v2\/tags?post=1955"}],"curies":[{"name":"wp","href":"https:\/\/api.w.org\/{rel}","templated":true}]}}