{"id":1992,"date":"2025-12-31T02:46:04","date_gmt":"2025-12-31T05:46:04","guid":{"rendered":"https:\/\/acaidoforte.com\/?p=1992"},"modified":"2025-12-31T02:54:01","modified_gmt":"2025-12-31T05:54:01","slug":"acai-do-forte-inaugura-primeira-unidade-na-rasa-em-buzios","status":"publish","type":"post","link":"https:\/\/acaidoforte.com\/pt\/acai-do-forte-inaugura-primeira-unidade-na-rasa-em-buzios\/","title":{"rendered":"A\u00e7a\u00ed do Forte inaugura primeira unidade na Rasa, em B\u00fazios!"},"content":{"rendered":"<div data-elementor-type=\"wp-post\" data-elementor-id=\"1992\" class=\"elementor elementor-1992\" data-elementor-post-type=\"post\">\n\t\t\t\t<div class=\"elementor-element elementor-element-710a272 e-flex e-con-boxed e-con e-parent\" data-id=\"710a272\" data-element_type=\"container\" data-settings=\"{&quot;background_background&quot;:&quot;classic&quot;,&quot;jet_parallax_layout_list&quot;:[]}\">\n\t\t\t\t\t<div class=\"e-con-inner\">\n\t\t<div class=\"elementor-element elementor-element-0ddebf9 e-con-full e-flex e-con e-child\" data-id=\"0ddebf9\" data-element_type=\"container\" data-settings=\"{&quot;jet_parallax_layout_list&quot;:[]}\">\n\t\t\t\t<div class=\"elementor-element elementor-element-f6c20d6 elementor-widget elementor-widget-html\" data-id=\"f6c20d6\" data-element_type=\"widget\" data-widget_type=\"html.default\">\n\t\t\t\t<div class=\"elementor-widget-container\">\n\t\t\t\t\t<style>\r\n\/* For\u00e7a a imagem a ficar menorzinha *\/\r\n.elementor-widget-image img {\r\n    max-width: 500px !important; \/* Mudei de 600 para 350 *\/\r\n    width: 100% !important;\r\n    margin: 0 auto !important;\r\n    display: block !important;\r\n}\r\n<\/style>\r\n\t\t\t\t<\/div>\n\t\t\t\t<\/div>\n\t\t\t\t<div class=\"elementor-element elementor-element-5a8eff2 elementor-widget elementor-widget-image\" data-id=\"5a8eff2\" data-element_type=\"widget\" data-widget_type=\"image.default\">\n\t\t\t\t<div class=\"elementor-widget-container\">\n\t\t\t\t\t\t\t\t\t\t\t\t\t\t\t<img fetchpriority=\"high\" decoding=\"async\" width=\"2560\" height=\"1707\" src=\"https:\/\/acaidoforte.com\/wp-content\/uploads\/2025\/12\/Rasa-scaled.jpg\" class=\"attachment-full size-full wp-image-1993\" alt=\"\" srcset=\"https:\/\/acaidoforte.com\/wp-content\/uploads\/2025\/12\/Rasa-scaled.jpg 2560w, https:\/\/acaidoforte.com\/wp-content\/uploads\/2025\/12\/Rasa-300x200.jpg 300w, https:\/\/acaidoforte.com\/wp-content\/uploads\/2025\/12\/Rasa-1024x683.jpg 1024w, https:\/\/acaidoforte.com\/wp-content\/uploads\/2025\/12\/Rasa-768x512.jpg 768w, https:\/\/acaidoforte.com\/wp-content\/uploads\/2025\/12\/Rasa-1536x1024.jpg 1536w, https:\/\/acaidoforte.com\/wp-content\/uploads\/2025\/12\/Rasa-2048x1365.jpg 2048w, https:\/\/acaidoforte.com\/wp-content\/uploads\/2025\/12\/Rasa-18x12.jpg 18w, https:\/\/acaidoforte.com\/wp-content\/uploads\/2025\/12\/Rasa-1568x1045.jpg 1568w\" sizes=\"(max-width: 2560px) 100vw, 2560px\" style=\"width:100%;height:66.68%;max-width:2560px\" \/>\t\t\t\t\t\t\t\t\t\t\t\t\t\t\t<\/div>\n\t\t\t\t<\/div>\n\t\t\t\t<\/div>\n\t\t\t\t\t<\/div>\n\t\t\t\t<\/div>\n\t\t<div class=\"elementor-element elementor-element-ab6095e e-flex e-con-boxed e-con e-parent\" data-id=\"ab6095e\" data-element_type=\"container\" data-settings=\"{&quot;background_background&quot;:&quot;classic&quot;,&quot;jet_parallax_layout_list&quot;:[]}\">\n\t\t\t\t\t<div class=\"e-con-inner\">\n\t\t<div class=\"elementor-element elementor-element-72ec30c e-con-full e-flex e-con e-child\" data-id=\"72ec30c\" data-element_type=\"container\" data-settings=\"{&quot;jet_parallax_layout_list&quot;:[]}\">\n\t\t\t\t<div class=\"elementor-element elementor-element-ec70974 elementor-widget elementor-widget-theme-post-title elementor-page-title elementor-widget-heading\" data-id=\"ec70974\" data-element_type=\"widget\" data-widget_type=\"theme-post-title.default\">\n\t\t\t\t<div class=\"elementor-widget-container\">\n\t\t\t\t\t<h1 class=\"elementor-heading-title elementor-size-default\">A\u00e7a\u00ed do Forte inaugura primeira unidade na Rasa, em B\u00fazios!<\/h1>\t\t\t\t<\/div>\n\t\t\t\t<\/div>\n\t\t\t\t<\/div>\n\t\t\t\t\t<\/div>\n\t\t\t\t<\/div>\n\t\t<div class=\"elementor-element elementor-element-2aa06005 e-flex e-con-boxed e-con e-parent\" data-id=\"2aa06005\" data-element_type=\"container\" data-settings=\"{&quot;background_background&quot;:&quot;classic&quot;,&quot;jet_parallax_layout_list&quot;:[]}\">\n\t\t\t\t\t<div class=\"e-con-inner\">\n\t\t<div class=\"elementor-element elementor-element-3ec25f6 e-con-full e-flex e-con e-child\" data-id=\"3ec25f6\" data-element_type=\"container\" data-settings=\"{&quot;jet_parallax_layout_list&quot;:[]}\">\n\t\t\t\t<div class=\"elementor-element elementor-element-75d1ea61 elementor-widget elementor-widget-text-editor\" data-id=\"75d1ea61\" data-element_type=\"widget\" data-widget_type=\"text-editor.default\">\n\t\t\t\t<div class=\"elementor-widget-container\">\n\t\t\t\t\t\t\t\t\t\n<p>\u00c9 com muita alegria que anunciamos a inaugura\u00e7\u00e3o de mais uma franquia do A\u00e7a\u00ed do Forte, fortalecendo ainda mais a presen\u00e7a da marca na Regi\u00e3o dos Lagos. No dia 22 de julho de 2025, foi inaugurada a primeira unidade do A\u00e7a\u00ed do Forte no bairro da Rasa, em Arma\u00e7\u00e3o dos B\u00fazios (RJ), levando muito sabor, energia e qualidade para moradores e visitantes da regi\u00e3o.<\/p>\n\t\t\t\t\t\t\t\t<\/div>\n\t\t\t\t<\/div>\n\t\t\t\t<div class=\"elementor-element elementor-element-b6e2a54 elementor-widget elementor-widget-text-editor\" data-id=\"b6e2a54\" data-element_type=\"widget\" data-widget_type=\"text-editor.default\">\n\t\t\t\t<div class=\"elementor-widget-container\">\n\t\t\t\t\t\t\t\t\t\n<p>A inaugura\u00e7\u00e3o foi marcada por grande movimenta\u00e7\u00e3o, com muitos clientes animados, fam\u00edlias e amigos.<\/p>\n\t\t\t\t\t\t\t\t<\/div>\n\t\t\t\t<\/div>\n\t\t\t\t<div class=\"elementor-element elementor-element-1129425 elementor-widget elementor-widget-text-editor\" data-id=\"1129425\" data-element_type=\"widget\" data-widget_type=\"text-editor.default\">\n\t\t\t\t<div class=\"elementor-widget-container\">\n\t\t\t\t\t\t\t\t\t\n<p>Durante o evento, o p\u00fablico p\u00f4de experimentar as deliciosas combina\u00e7\u00f5es, como o tradicional a\u00e7a\u00ed, o cremoso creme de cupua\u00e7u e o nosso famoso casadinho, a uni\u00e3o perfeita dos dois sabores que \u00e9 um verdadeiro sucesso entre os clientes. Tudo preparado com aquele cuidado especial que faz do A\u00e7a\u00ed do Forte uma refer\u00eancia quando o assunto \u00e9 sabor e qualidade.<\/p>\n\t\t\t\t\t\t\t\t<\/div>\n\t\t\t\t<\/div>\n\t\t\t\t<div class=\"elementor-element elementor-element-0c12067 elementor-widget elementor-widget-text-editor\" data-id=\"0c12067\" data-element_type=\"widget\" data-widget_type=\"text-editor.default\">\n\t\t\t\t<div class=\"elementor-widget-container\">\n\t\t\t\t\t\t\t\t\t\n<p>Com uma localiza\u00e7\u00e3o estrat\u00e9gica, a nova unidade j\u00e1 nasce como um novo ponto de encontro na Rasa, ideal para quem busca renovar as energias, se refrescar e aproveitar momentos de sabor em qualquer hora do dia. Agora, o bairro conta com uma op\u00e7\u00e3o que une praticidade, qualidade e a experi\u00eancia forte que s\u00f3 o A\u00e7a\u00ed do Forte oferece.<\/p>\n\t\t\t\t\t\t\t\t<\/div>\n\t\t\t\t<\/div>\n\t\t\t\t<div class=\"elementor-element elementor-element-d6253fd elementor-widget elementor-widget-text-editor\" data-id=\"d6253fd\" data-element_type=\"widget\" data-widget_type=\"text-editor.default\">\n\t\t\t\t<div class=\"elementor-widget-container\">\n\t\t\t\t\t\t\t\t\t\n<p>\ud83d\udccdRua \u00c1lvaro El\u00eddio Gon\u00e7alves, 314, Loja A &#8211; Rasa, Arma\u00e7\u00e3o dos B\u00fazios<\/p>\n\t\t\t\t\t\t\t\t<\/div>\n\t\t\t\t<\/div>\n\t\t\t\t<div class=\"elementor-element elementor-element-3700894 elementor-align-center elementor-widget elementor-widget-button\" data-id=\"3700894\" data-element_type=\"widget\" data-widget_type=\"button.default\">\n\t\t\t\t<div class=\"elementor-widget-container\">\n\t\t\t\t\t\t\t\t\t<div class=\"elementor-button-wrapper\">\n\t\t\t\t\t<a class=\"elementor-button elementor-button-link elementor-size-lg\" href=\"https:\/\/www.instagram.com\/reel\/DMdyenKP75J\/?hl=pt-br\" target=\"_blank\">\n\t\t\t\t\t\t<span class=\"elementor-button-content-wrapper\">\n\t\t\t\t\t\t<span class=\"elementor-button-icon\">\n\t\t\t\t<i aria-hidden=\"true\" class=\"fas fa-play\"><\/i>\t\t\t<\/span>\n\t\t\t\t\t\t\t\t\t<span class=\"elementor-button-text\">D\u00ea o play e confira!<\/span>\n\t\t\t\t\t<\/span>\n\t\t\t\t\t<\/a>\n\t\t\t\t<\/div>\n\t\t\t\t\t\t\t\t<\/div>\n\t\t\t\t<\/div>\n\t\t\t\t<\/div>\n\t\t\t\t\t<\/div>\n\t\t\t\t<\/div>\n\t\t\t\t<\/div>","protected":false},"excerpt":{"rendered":"<p>\u00c9 com muita alegria que anunciamos a inaugura\u00e7\u00e3o de mais uma franquia do A\u00e7a\u00ed do Forte, fortalecendo ainda mais a presen\u00e7a da marca na Regi\u00e3o dos Lagos. No dia 22 de julho de 2025, foi inaugurada a primeira unidade do A\u00e7a\u00ed do Forte no bairro da Rasa, em Arma\u00e7\u00e3o dos B\u00fazios (RJ), levando muito sabor,&hellip; <a class=\"more-link\" href=\"https:\/\/acaidoforte.com\/pt\/acai-do-forte-inaugura-primeira-unidade-na-rasa-em-buzios\/\">Continue a ler <span class=\"screen-reader-text\">A\u00e7a\u00ed do Forte inaugura primeira unidade na Rasa, em B\u00fazios!<\/span><\/a><\/p>","protected":false},"author":1,"featured_media":1993,"comment_status":"open","ping_status":"open","sticky":false,"template":"elementor_header_footer","format":"standard","meta":{"cybocfi_hide_featured_image":"yes","footnotes":""},"categories":[1],"tags":[],"class_list":["post-1992","post","type-post","status-publish","format-standard","has-post-thumbnail","hentry","category-sem-categoria","entry"],"_links":{"self":[{"href":"https:\/\/acaidoforte.com\/pt\/wp-json\/wp\/v2\/posts\/1992","targetHints":{"allow":["GET"]}}],"collection":[{"href":"https:\/\/acaidoforte.com\/pt\/wp-json\/wp\/v2\/posts"}],"about":[{"href":"https:\/\/acaidoforte.com\/pt\/wp-json\/wp\/v2\/types\/post"}],"author":[{"embeddable":true,"href":"https:\/\/acaidoforte.com\/pt\/wp-json\/wp\/v2\/users\/1"}],"replies":[{"embeddable":true,"href":"https:\/\/acaidoforte.com\/pt\/wp-json\/wp\/v2\/comments?post=1992"}],"version-history":[{"count":7,"href":"https:\/\/acaidoforte.com\/pt\/wp-json\/wp\/v2\/posts\/1992\/revisions"}],"predecessor-version":[{"id":2001,"href":"https:\/\/acaidoforte.com\/pt\/wp-json\/wp\/v2\/posts\/1992\/revisions\/2001"}],"wp:featuredmedia":[{"embeddable":true,"href":"https:\/\/acaidoforte.com\/pt\/wp-json\/wp\/v2\/media\/1993"}],"wp:attachment":[{"href":"https:\/\/acaidoforte.com\/pt\/wp-json\/wp\/v2\/media?parent=1992"}],"wp:term":[{"taxonomy":"category","embeddable":true,"href":"https:\/\/acaidoforte.com\/pt\/wp-json\/wp\/v2\/categories?post=1992"},{"taxonomy":"post_tag","embeddable":true,"href":"https:\/\/acaidoforte.com\/pt\/wp-json\/wp\/v2\/tags?post=1992"}],"curies":[{"name":"wp","href":"https:\/\/api.w.org\/{rel}","templated":true}]}}